{"id":6707,"date":"2022-02-11T17:15:45","date_gmt":"2022-02-11T20:15:45","guid":{"rendered":"https:\/\/pampafilms.com.ar\/2023\/?p=6707"},"modified":"2024-06-12T08:30:41","modified_gmt":"2024-06-12T11:30:41","slug":"todotvnews-pampafilms","status":"publish","type":"post","link":"https:\/\/pampafilms.com.ar\/en\/todotvnews-pampafilms\/","title":{"rendered":"todotvnews.com &#8211; Consolidada en Argentina, Pampa Films busca crecer en LatAm"},"content":{"rendered":"\t\t<div data-elementor-type=\"wp-post\" data-elementor-id=\"6707\" class=\"elementor elementor-6707\" data-elementor-post-type=\"post\">\n\t\t\t\t\t\t<section class=\"elementor-section elementor-top-section elementor-element elementor-element-38b771b1 elementor-section-boxed elementor-section-height-default elementor-section-height-default edgtf-parallax-row-no edgtf-content-aligment-left edgtf-elementor-row-grid-no edgtf-disabled-bg-image-bellow-no\" data-id=\"38b771b1\" data-element_type=\"section\" data-e-type=\"section\">\n\t\t\t\t\t\t<div class=\"elementor-container elementor-column-gap-default\">\n\t\t\t\t\t<div class=\"elementor-column elementor-col-100 elementor-top-column elementor-element elementor-element-4f667e53\" data-id=\"4f667e53\" data-element_type=\"column\" data-e-type=\"column\">\n\t\t\t<div class=\"elementor-widget-wrap elementor-element-populated\">\n\t\t\t\t\t\t<div class=\"elementor-element elementor-element-5afa2174 elementor-widget elementor-widget-text-editor\" data-id=\"5afa2174\" data-element_type=\"widget\" data-e-type=\"widget\" data-widget_type=\"text-editor.default\">\n\t\t\t\t<div class=\"elementor-widget-container\">\n\t\t\t\t\t\t\t\t\t<h1 class=\"post-title\">Consolidada en Argentina, Pampa Films busca crecer en LatAm<\/h1>\t\t\t\t\t\t\t\t<\/div>\n\t\t\t\t<\/div>\n\t\t\t\t<div class=\"elementor-element elementor-element-c7c7ebb elementor-widget elementor-widget-text-editor\" data-id=\"c7c7ebb\" data-element_type=\"widget\" data-e-type=\"widget\" data-widget_type=\"text-editor.default\">\n\t\t\t\t<div class=\"elementor-widget-container\">\n\t\t\t\t\t\t\t\t\t<p>\u00a0<\/p><p><span style=\"color: #000000;\">En los \u00faltimos a\u00f1os, la productora de Agust\u00edn y Pablo Bossi se convirti\u00f3 en protagonista indiscutida de la ola de ficci\u00f3n premium iberoamericana. En di\u00e1logo con\u00a0<strong>Originals<\/strong>, hablan sobre los proyectos que tienen entre manos y la meta de plantar bandera en mercados como M\u00e9xico, Colombia y Brasil.<\/span><\/p><p>\u00a0<\/p>\t\t\t\t\t\t\t\t<\/div>\n\t\t\t\t<\/div>\n\t\t\t\t<div class=\"elementor-element elementor-element-610e6e8 elementor-widget elementor-widget-edgtf_video_button\" data-id=\"610e6e8\" data-element_type=\"widget\" data-e-type=\"widget\" data-widget_type=\"edgtf_video_button.default\">\n\t\t\t\t<div class=\"elementor-widget-container\">\n\t\t\t\t\t<div class=\"edgtf-video-button-holder  edgtf-vb-has-img\">\n\t<div class=\"edgtf-video-button-image\">\n\t\t<img fetchpriority=\"high\" decoding=\"async\" width=\"1280\" height=\"860\" src=\"https:\/\/pampafilms.com.ar\/wp-content\/uploads\/2022\/02\/cabeypol1-1280-\u00d7-860-px-1.jpeg\" class=\"attachment-full size-full\" alt=\"\" srcset=\"https:\/\/pampafilms.com.ar\/wp-content\/uploads\/2022\/02\/cabeypol1-1280-\u00d7-860-px-1.jpeg 1280w, https:\/\/pampafilms.com.ar\/wp-content\/uploads\/2022\/02\/cabeypol1-1280-\u00d7-860-px-1-300x202.jpeg 300w, https:\/\/pampafilms.com.ar\/wp-content\/uploads\/2022\/02\/cabeypol1-1280-\u00d7-860-px-1-1024x688.jpeg 1024w, https:\/\/pampafilms.com.ar\/wp-content\/uploads\/2022\/02\/cabeypol1-1280-\u00d7-860-px-1-768x516.jpeg 768w\" sizes=\"(max-width: 1280px) 100vw, 1280px\" \/>\t<\/div>\n\t\t\t<a class=\"edgtf-video-button-play\" href=\"https:\/\/youtu.be\/hCejcd6jEds\" data-rel=\"prettyPhoto[video_button_pretty_photo_34]\">\n\t\t\t<span class=\"edgtf-video-button-play-inner\">\n\t\t\t\t<svg version=\"1.1\" xmlns=\"http:\/\/www.w3.org\/2000\/svg\" xmlns:xlink=\"http:\/\/www.w3.org\/1999\/xlink\" x=\"0px\" y=\"0px\"\n\t\t\t\t\t width=\"41.917px\" height=\"45.998px\" viewBox=\"0 0 41.917 45.998\" enable-background=\"new 0 0 41.917 45.998\" xml:space=\"preserve\">\n\t\t\t\t<g>\n\t\t\t\t\t<path fill=\"none\" stroke=\"#FFFFFF\" stroke-width=\"2\" stroke-miterlimit=\"10\" d=\"M3.183,44.579\n\t\t\t\t\t\tc-0.864,0.474-1.561,0.056-1.561-0.921V2.623c0-0.977,0.697-1.395,1.561-0.921l37.022,20.574c0.864,0.474,0.864,1.255,0,1.729\n\t\t\t\t\t\tL3.183,44.579z\"\/>\n\t\t\t\t<\/g>\n\t\t\t\t<\/svg>\n\t\t\t<\/span>\n\t\t<\/a>\n\t<\/div>\t\t\t\t<\/div>\n\t\t\t\t<\/div>\n\t\t\t\t<div class=\"elementor-element elementor-element-b97ff0b elementor-widget elementor-widget-text-editor\" data-id=\"b97ff0b\" data-element_type=\"widget\" data-e-type=\"widget\" data-widget_type=\"text-editor.default\">\n\t\t\t\t<div class=\"elementor-widget-container\">\n\t\t\t\t\t\t\t\t\t<p><span style=\"color: #000000;\">\u00a0<\/span><\/p><p><span style=\"color: #000000;\">En 2021, la productora argentina Pampa Films celebr\u00f3 sus 15 a\u00f1os de actividad en la industria, con la producci\u00f3n de importantes proyectos originales, entre los que figuran la biopic\u00a0<em>Ringo, el campe\u00f3n del pueblo<\/em>\u00a0o la serie\u00a0<em>El grito de las mariposas<\/em>, ambas para Star+, por mencionar solo dos ejemplos.<\/span><\/p><p><span style=\"color: #000000;\">En di\u00e1logo con\u00a0<strong>Originals<\/strong>, Agust\u00edn (Cabe) y Pablo (Pol) Bossi, CEOs de Pampa Films, detallan la actualidad de la productora que hoy cuenta con m\u00e1s de 30 proyectos en desarrollo, entre series y pel\u00edculas, y busca internacionalizar su presencia en los mercados de M\u00e9xico, Colombia y Brasil.<\/span><\/p><p>\u00a0<\/p><h4><span style=\"color: #000000;\">\u00bfC\u00f3mo los encuentra estos 15 a\u00f1os de Pampa Films?<\/span><\/h4><p><span style=\"color: #000000;\"><strong>Cabe Bossi (CB):<\/strong>\u00a0Pampa naci\u00f3 con una meta muy clara de hacer productos cinematogr\u00e1ficos de mucha calidad y alcance internacional. Ahora el 2022 nos encuentra pasando un gran momento. Para nosotros hubo un proyecto bisagra que fue\u00a0<em>Monz\u00f3n<\/em>, fue nuestra primera serie y tuvo gran repercusi\u00f3n, estuvo coproducida con Disney, tuvo primera pantalla con Turner y una segunda en Netflix, y un recorrido internacional incre\u00edble. A partir de\u00a0<em>Monz\u00f3n<\/em>\u00a0nos metimos de lleno en las producciones de series y pel\u00edculas para plataformas.<\/span><\/p><p>\u00a0<\/p>\t\t\t\t\t\t\t\t<\/div>\n\t\t\t\t<\/div>\n\t\t\t\t<div class=\"elementor-element elementor-element-005a1e2 elementor-widget elementor-widget-edgtf_single_image\" data-id=\"005a1e2\" data-element_type=\"widget\" data-e-type=\"widget\" data-widget_type=\"edgtf_single_image.default\">\n\t\t\t\t<div class=\"elementor-widget-container\">\n\t\t\t\t\t<div class=\"edgtf-single-image-holder     edgtf-image-align-center\">\n    <div class=\"edgtf-si-inner\" >\n                                    <img decoding=\"async\" width=\"1280\" height=\"860\" src=\"https:\/\/pampafilms.com.ar\/wp-content\/uploads\/2023\/03\/mozon1.jpeg\" class=\"attachment-full size-full\" alt=\"\" srcset=\"https:\/\/pampafilms.com.ar\/wp-content\/uploads\/2023\/03\/mozon1.jpeg 1280w, https:\/\/pampafilms.com.ar\/wp-content\/uploads\/2023\/03\/mozon1-300x202.jpeg 300w, https:\/\/pampafilms.com.ar\/wp-content\/uploads\/2023\/03\/mozon1-1024x688.jpeg 1024w, https:\/\/pampafilms.com.ar\/wp-content\/uploads\/2023\/03\/mozon1-768x516.jpeg 768w\" sizes=\"(max-width: 1280px) 100vw, 1280px\" \/>\t                                    <\/div>\n<\/div>\t\t\t\t<\/div>\n\t\t\t\t<\/div>\n\t\t\t\t<div class=\"elementor-element elementor-element-8039ae5 elementor-widget elementor-widget-text-editor\" data-id=\"8039ae5\" data-element_type=\"widget\" data-e-type=\"widget\" data-widget_type=\"text-editor.default\">\n\t\t\t\t<div class=\"elementor-widget-container\">\n\t\t\t\t\t\t\t\t\t<p><span style=\"color: #000000;\">\u00a0<\/span><\/p><p><span style=\"color: #000000;\">En 2021 hicimos seis producciones entre series y pel\u00edculas. Este 2022 tenemos ocho producciones tambi\u00e9n entre pel\u00edculas y series y estamos con m\u00e1s de 30 desarrollos en curso, con 20 desarrollos ya vendidos, muchos para Disney+ y Star+, pero tambi\u00e9n para otras plataformas. Los 15 a\u00f1os nos encuentran pasando un gran momento, como toda la industria, y dentro de ese listado de productoras que est\u00e1n trabajando mucho para clientes internacionales<\/span><\/p><p><span style=\"color: #000000;\">.<\/span><\/p><h4><span style=\"color: #000000;\">\u00bfQu\u00e9 proyectos produjo Pampa Films en 2021?<\/span><\/h4><p><span style=\"color: #000000;\"><strong>CB:<\/strong>\u00a0En 2021 terminamos de producir la serie\u00a0<a style=\"color: #000000;\" href=\"https:\/\/www.todotvnews.com\/limbo-la-nueva-serie-orignal-de-star-seleccionada-en-canneseries\/\"><em>Limbo<\/em><\/a>\u00a0para Star+. Tambi\u00e9n\u00a0<a style=\"color: #000000;\" href=\"https:\/\/www.todotvnews.com\/pampa-films-ya-rueda-entrelazados-para-disney\/\"><em>Entrelazados<\/em>\u00a0para Disney+<\/a>, que se estren\u00f3 el pasado 12 de noviembre. Realizamos\u00a0<a style=\"color: #000000;\" href=\"https:\/\/todotvnews.com\/ttvoriginals\/star-anuncia-el-fin-de-rodaje-de-ringo-su-nueva-serie-argentina\/\">la serie\u00a0<em>Ringo, el campe\u00f3n del pueblo<\/em><\/a>\u00a0para Star+. Terminamos la producci\u00f3n de\u00a0<a style=\"color: #000000;\" href=\"https:\/\/todotvnews.com\/ttvoriginals\/disney-da-inicio-a-las-grabaciones-de-freeks-su-nueva-original-argentina\/\">la serie infantojuvenil\u00a0<em>FreeKs<\/em><\/a>\u00a0para Disney+. Y tambi\u00e9n producimos las pel\u00edculas<em>\u00a0M\u00e1s respeto que soy tu madre<\/em>, basada en el libro de Hern\u00e1n Casciari, con un gran elenco argentino; y una coproducci\u00f3n con Espa\u00f1a que se llama\u00a0<em>Objetos<\/em>. Y, por \u00faltimo, tambi\u00e9n\u00a0<a style=\"color: #000000;\" href=\"https:\/\/www.todotvnews.com\/la-star-original-el-grito-de-las-mariposas-inicia-su-rodaje\/\">produjimos\u00a0<em>El grito de las mariposas<\/em><\/a>, una serie internacional que transcurre en Rep\u00fablica Dominicana pero que filmamos en territorio colombiano.<\/span><\/p><p>\u00a0<\/p>\t\t\t\t\t\t\t\t<\/div>\n\t\t\t\t<\/div>\n\t\t\t\t<div class=\"elementor-element elementor-element-3cc3512 elementor-widget elementor-widget-edgtf_single_image\" data-id=\"3cc3512\" data-element_type=\"widget\" data-e-type=\"widget\" data-widget_type=\"edgtf_single_image.default\">\n\t\t\t\t<div class=\"elementor-widget-container\">\n\t\t\t\t\t<div class=\"edgtf-single-image-holder     edgtf-image-align-center\">\n    <div class=\"edgtf-si-inner\" >\n                                    <img decoding=\"async\" width=\"1280\" height=\"860\" src=\"https:\/\/pampafilms.com.ar\/wp-content\/uploads\/2022\/02\/Ringo6-1280-\u00d7-860-px.jpeg\" class=\"attachment-full size-full\" alt=\"\" srcset=\"https:\/\/pampafilms.com.ar\/wp-content\/uploads\/2022\/02\/Ringo6-1280-\u00d7-860-px.jpeg 1280w, https:\/\/pampafilms.com.ar\/wp-content\/uploads\/2022\/02\/Ringo6-1280-\u00d7-860-px-300x202.jpeg 300w, https:\/\/pampafilms.com.ar\/wp-content\/uploads\/2022\/02\/Ringo6-1280-\u00d7-860-px-1024x688.jpeg 1024w, https:\/\/pampafilms.com.ar\/wp-content\/uploads\/2022\/02\/Ringo6-1280-\u00d7-860-px-768x516.jpeg 768w\" sizes=\"(max-width: 1280px) 100vw, 1280px\" \/>\t                                    <\/div>\n<\/div>\t\t\t\t<\/div>\n\t\t\t\t<\/div>\n\t\t\t\t<div class=\"elementor-element elementor-element-da3f86f elementor-widget elementor-widget-text-editor\" data-id=\"da3f86f\" data-element_type=\"widget\" data-e-type=\"widget\" data-widget_type=\"text-editor.default\">\n\t\t\t\t<div class=\"elementor-widget-container\">\n\t\t\t\t\t\t\t\t\t<p><span style=\"color: #000000;\">\u00a0<\/span><\/p><h4><strong><span style=\"color: #000000;\">\u00bfY qu\u00e9 proyectos tienen ya luz verde para 2022?<\/span><\/strong><\/h4><p><span style=\"color: #000000;\"><strong>Pol Bossi (PB):<\/strong>\u00a0Hoy estamos rodando la serie\u00a0<em>El robo mundial<\/em>, que la idea es que salga antes del Mundial de Catar. En marzo arrancamos\u00a0<em>El mejor infarto de mi vida<\/em>, basada en un cuento de Hern\u00e1n Casciari, una coproducci\u00f3n con Espa\u00f1a y Uruguay, con rodaje en Argentina, pero tambi\u00e9n en aquellos territorios. En abril tenemos confirmado el rodaje de las\u00a0<a style=\"color: #000000;\" href=\"https:\/\/todotvnews.com\/ttvoriginals\/disney-ya-trabaja-en-una-segunda-temporada-de-limbo\/\">segundas temporadas de\u00a0<em>Limbo<\/em><\/a>\u00a0y de\u00a0<em>Entrelazados<\/em>, por lo cual este primer semestre del a\u00f1o aparece muy cargado. Y si bien no tenemos confirmado a\u00fan, tenemos entre cinco y seis proyectos m\u00e1s cuya producci\u00f3n posiblemente se lleve a cabo este a\u00f1o, entre los que figura la serie\u00a0<em>Coppola, el representante<\/em>\u00a0para Star+.<\/span><\/p><h4>\u00a0<\/h4><h4><span style=\"color: #000000;\">Tambi\u00e9n preparan una serie basada en la vida de Ren\u00e9 Favaloro. \u00bfQu\u00e9 pueden adelantar al respecto?<\/span><\/h4><p><span style=\"color: #000000;\"><strong>CB:<\/strong>\u00a0Es un proyecto apasionante e internacional. No tenemos confirmada la producci\u00f3n en 2022. Estamos\u00a0<a style=\"color: #000000;\" href=\"https:\/\/todotvnews.com\/ttvoriginals\/pampa-films-desarrolla-serie-sobre-el-cirujano-argentino-rene-favaloro\/\">haciendo un desarrollo<\/a>\u00a0muy profundo y amplio. Al ser un personaje tan importante le estamos brindando el tiempo de desarrollo que se merece. En Pampa estamos convencidos de que una de las etapas m\u00e1s importantes es la de desarrollo y guion, as\u00ed que estamos meti\u00e9ndole muy profundo a esta etapa.<\/span><\/p><p>\u00a0<\/p><h4><span style=\"color: #000000;\">\u00bfC\u00f3mo surgen los proyectos de Pampa?<\/span><\/h4><p><span style=\"color: #000000;\"><strong>PB:<\/strong>\u00a0Uno tiene distintas fuentes. En general surgen de ideas propias o de terceros que nos traen. Pueden surgir de novelas que es algo bastante com\u00fan y que hoy est\u00e1 muy en boga el tema de la compra de IP. Y tenemos otro tipo de proyectos que vienen por el lado de las plataformas y ah\u00ed oficiamos pura y exclusivamente de casa productora, algo mucho m\u00e1s cercano a lo que es un servicio de producci\u00f3n.<\/span><\/p><p><span style=\"color: #000000;\"><strong>CB:<\/strong>\u00a0Uno, que est\u00e1 en esto, est\u00e1 permanentemente pensando ideas y todo parecer\u00eda ser una buena idea para una pel\u00edcula o una serie.<\/span><\/p><p>\u00a0<\/p><h4><span style=\"color: #000000;\">Con la llegada de los streamers, las pel\u00edculas locales tambi\u00e9n empiezan a ganar lugar. \u00bfC\u00f3mo observan la evoluci\u00f3n de la industria?<\/span><\/h4><p><span style=\"color: #000000;\"><strong>CB:<\/strong>\u00a0Am\u00e9rica Latina est\u00e1 pasando un gran momento en t\u00e9rminos de producci\u00f3n y desarrollo de contenido. Creo que lo que ha pasado es que con el boom de las plataformas como primera posici\u00f3n se intent\u00f3 producir mucha serie, se fue todo para el lado del formato seriado que en ese momento parec\u00eda que era lo que iba a reinar. Y creo que con ya dos a\u00f1os de varias plataformas compitiendo, empezamos a ver que hay distintos formatos. Las plataformas se van a terminar convirtiendo en lo que era la TV, por lo cual hay una combinaci\u00f3n de docuseries, factual, series, pel\u00edculas\u2026 Creo que hoy hay cierto balance porque los streamers tambi\u00e9n empiezan a buscar pel\u00edculas. Nosotros tenemos varias pel\u00edculas, ahora este a\u00f1o tenemos tres o cuatro para estrenar, algunas que van primero al cine y otras directo a plataformas.<\/span><\/p><p>\u00a0<\/p>\t\t\t\t\t\t\t\t<\/div>\n\t\t\t\t<\/div>\n\t\t\t\t<div class=\"elementor-element elementor-element-74267ee elementor-widget elementor-widget-edgtf_single_image\" data-id=\"74267ee\" data-element_type=\"widget\" data-e-type=\"widget\" data-widget_type=\"edgtf_single_image.default\">\n\t\t\t\t<div class=\"elementor-widget-container\">\n\t\t\t\t\t<div class=\"edgtf-single-image-holder     edgtf-image-align-center\">\n    <div class=\"edgtf-si-inner\" >\n                                    <img loading=\"lazy\" decoding=\"async\" width=\"1280\" height=\"860\" src=\"https:\/\/pampafilms.com.ar\/wp-content\/uploads\/2022\/02\/Objetos1.jpeg\" class=\"attachment-full size-full\" alt=\"\" srcset=\"https:\/\/pampafilms.com.ar\/wp-content\/uploads\/2022\/02\/Objetos1.jpeg 1280w, https:\/\/pampafilms.com.ar\/wp-content\/uploads\/2022\/02\/Objetos1-300x202.jpeg 300w, https:\/\/pampafilms.com.ar\/wp-content\/uploads\/2022\/02\/Objetos1-1024x688.jpeg 1024w, https:\/\/pampafilms.com.ar\/wp-content\/uploads\/2022\/02\/Objetos1-768x516.jpeg 768w\" sizes=\"(max-width: 1280px) 100vw, 1280px\" \/>\t                                    <\/div>\n<\/div>\t\t\t\t<\/div>\n\t\t\t\t<\/div>\n\t\t\t\t<div class=\"elementor-element elementor-element-c0ba2bf elementor-widget elementor-widget-text-editor\" data-id=\"c0ba2bf\" data-element_type=\"widget\" data-e-type=\"widget\" data-widget_type=\"text-editor.default\">\n\t\t\t\t<div class=\"elementor-widget-container\">\n\t\t\t\t\t\t\t\t\t<p><span style=\"color: #000000;\">\u00a0<\/span><\/p><h4><span style=\"color: #000000;\">\u00bfC\u00f3mo se ubica Pampa desde Argentina hacia la regi\u00f3n?<\/span><\/h4><p><span style=\"color: #000000;\"><strong>PB:<\/strong>\u00a0Pampa es una empresa netamente argentina. Somos alrededor de 40 personas fijas, desde administraci\u00f3n, producci\u00f3n, desarrollo y otras \u00e1reas. Producto de este crecimiento repentino en los \u00faltimos tres a\u00f1os, hoy estamos en un muy lindo inmueble de 3.500 metros en Palermo; es un lugar donde estamos muy c\u00f3modos trabajando. Y tambi\u00e9n producto de c\u00f3mo est\u00e1 la industria y el momento en que nos encuentra, si bien estamos en Argentina, estamos empezando a tender ciertas alianzas con pa\u00edses de la regi\u00f3n, como por ejemplo M\u00e9xico, Colombia, Uruguay y Brasil. Adem\u00e1s, tambi\u00e9n tenemos una alianza con la productora de nuestro padre, Gloriamundi, que est\u00e1 mayormente en Espa\u00f1a.<\/span><\/p><p><span style=\"color: #000000;\"><strong>CB:<\/strong>\u00a0Con la cantidad de desarrollos que tenemos en M\u00e9xico, Argentina y Brasil, no est\u00e1 de m\u00e1s decir que estamos sumando gente fija en estos pa\u00edses, haciendo como patas de Pampa en esos pa\u00edses. Y si bien nosotros producimos netamente en Argentina, el a\u00f1o pasado producimos en Colombia con la productora Vista, y estamos viendo de montar productoras f\u00edsicas en estos mercados.<\/span><\/p><h4>\u00a0<\/h4><h4><span style=\"color: #000000;\">\u00bfC\u00f3mo logra Pampa pujar por el talento para sus proyectos?<\/span><\/h4><p><span style=\"color: #000000;\"><strong>PB:<\/strong>\u00a0La puja por el talento es algo que est\u00e1 sucediendo hoy en la Argentina y en el mundo. Uno convence al talento a costo de lo jugoso del proyecto en cuanto a lo narrativo y la potencia que puede tener y, tambi\u00e9n a la experiencia de los proyectos anteriores. Esa es la mejor carta de presentaci\u00f3n. Obviamente la industria est\u00e1 en ebullici\u00f3n y a veces con eso no alcanza y de alguna manera las plataformas empiezan a acercarse a los talentos y generar alianzas estrat\u00e9gicas. Eso es fundamental y se ve a la hora de la comercializaci\u00f3n y lanzamiento de un proyecto, ya que tener una figura atachada suma.<\/span><\/p><p>\u00a0<\/p>\t\t\t\t\t\t\t\t<\/div>\n\t\t\t\t<\/div>\n\t\t\t\t<div class=\"elementor-element elementor-element-228469e elementor-widget elementor-widget-edgtf_single_image\" data-id=\"228469e\" data-element_type=\"widget\" data-e-type=\"widget\" data-widget_type=\"edgtf_single_image.default\">\n\t\t\t\t<div class=\"elementor-widget-container\">\n\t\t\t\t\t<div class=\"edgtf-single-image-holder     edgtf-image-align-center\">\n    <div class=\"edgtf-si-inner\" >\n                                    <img loading=\"lazy\" decoding=\"async\" width=\"1045\" height=\"588\" src=\"https:\/\/pampafilms.com.ar\/wp-content\/uploads\/2022\/02\/Limbo1.jpg\" class=\"attachment-full size-full\" alt=\"\" srcset=\"https:\/\/pampafilms.com.ar\/wp-content\/uploads\/2022\/02\/Limbo1.jpg 1045w, https:\/\/pampafilms.com.ar\/wp-content\/uploads\/2022\/02\/Limbo1-300x169.jpg 300w, https:\/\/pampafilms.com.ar\/wp-content\/uploads\/2022\/02\/Limbo1-1024x576.jpg 1024w, https:\/\/pampafilms.com.ar\/wp-content\/uploads\/2022\/02\/Limbo1-768x432.jpg 768w\" sizes=\"(max-width: 1045px) 100vw, 1045px\" \/>\t                                    <\/div>\n<\/div>\t\t\t\t<\/div>\n\t\t\t\t<\/div>\n\t\t\t\t<div class=\"elementor-element elementor-element-41ae806 elementor-widget elementor-widget-text-editor\" data-id=\"41ae806\" data-element_type=\"widget\" data-e-type=\"widget\" data-widget_type=\"text-editor.default\">\n\t\t\t\t<div class=\"elementor-widget-container\">\n\t\t\t\t\t\t\t\t\t<p><span style=\"color: #000000;\">\u00a0<\/span><\/p><h4><span style=\"color: #000000;\">\u00bfQu\u00e9 g\u00e9neros consideran que son los que est\u00e1n dando mayores resultados en la actualidad?<\/span><\/h4><p><span style=\"color: #000000;\"><strong>CB:<\/strong>\u00a0Estamos pasando un momento de ebullici\u00f3n, por lo cual da la sensaci\u00f3n de que se est\u00e1 haciendo mucho de todo. Pero creo que hay un faltante de comedia. Por lo menos en Argentina uno quiere ver entretenimiento para distraerse. Pero en definitiva, los proyectos que enganchen como el thriller, las docuseries est\u00e1n creciendo mucho y el true crime sigue andando muy bien.<\/span><\/p><p><span style=\"color: #000000;\"><strong>PB:<\/strong>\u00a0Las historias reales y las biopics parec\u00edan que iba a pasar de moda pero a\u00fan no\u2026<\/span><\/p><p>\u00a0<\/p><h4><span style=\"color: #000000;\">\u00bfTienen en desarrollo proyectos de g\u00e9nero factual?<\/span><\/h4><p><span style=\"color: #000000;\"><strong>PB:<\/strong>\u00a0Tenemos tres proyectos de docuseries, uno de la mano de la gente de NatGeo que trata sobre el Mundial del 78 celebrado en Argentina, que toca el tema pol\u00edtico y futbol\u00edstico con una visi\u00f3n nueva sobre un hecho que sucedi\u00f3 hace m\u00e1s de 40 a\u00f1os. Y de los otros dos proyectos, uno es de true crime y el otro es m\u00e1s pol\u00edtico.<\/span><\/p><p>\u00a0<\/p><h4><span style=\"color: #000000;\">El trabajo de Pampa ha sido reconocido al figurar dentro de los 50 l\u00edderes de la industria audiovisual iberoamericana que lanz\u00f3 Originals. \u00bfC\u00f3mo recibieron este reconocimiento?<\/span><\/h4><p><span style=\"color: #000000;\"><strong>PB:<\/strong>\u00a0Para nosotros fue una gran noticia y un verdadero orgullo con la edad que tenemos poder formar parte de\u00a0<a style=\"color: #000000;\" href=\"https:\/\/todotvnews.com\/ttvoriginals\/originals50\">ese selecto grupo de gente<\/a>\u00a0que tenemos alrededor, que son grandes productores y artistas, que marcan el pulso de la industria latina, gente con mucha experiencia. Fue una grata sorpresa y estamos muy contentos del reconocimiento.<\/span><\/p>\t\t\t\t\t\t\t\t<\/div>\n\t\t\t\t<\/div>\n\t\t\t\t<div class=\"elementor-element elementor-element-9e1909f elementor-widget elementor-widget-text-editor\" data-id=\"9e1909f\" data-element_type=\"widget\" data-e-type=\"widget\" data-widget_type=\"text-editor.default\">\n\t\t\t\t<div class=\"elementor-widget-container\">\n\t\t\t\t\t\t\t\t\t<p><em><strong><span style=\"color: #000000;\">Le\u00e9 la nota completa en:<\/span> <a href=\"https:\/\/todotvnews.com\/ttvoriginals\/consolidada-en-argentina-pampa-films-busca-crecer-en-latam\/\">https:\/\/todotvnews.com\/ttvoriginals\/consolidada-en-argentina-pampa-films-busca-crecer-en-latam\/<\/a><\/strong><\/em><\/p>\t\t\t\t\t\t\t\t<\/div>\n\t\t\t\t<\/div>\n\t\t\t\t\t<\/div>\n\t\t<\/div>\n\t\t\t\t\t<\/div>\n\t\t<\/section>\n\t\t\t\t<\/div>\n\t\t","protected":false},"excerpt":{"rendered":"<p>todotvnews.com &#8211; Consolidada en Argentina, Pampa Films busca crecer en LatAm<\/p>\n<p>En los \u00faltimos a\u00f1os, la productora de Agust\u00edn y Pablo Bossi se convirti\u00f3 en protagonista indiscutida de la ola de ficci\u00f3n premium iberoamericana. En di\u00e1logo con Originals, hablan sobre los proyectos que tienen entre manos y la meta de plantar bandera en mercados como M\u00e9xico, Colombia y Brasil.<\/p>","protected":false},"author":2,"featured_media":6709,"comment_status":"closed","ping_status":"open","sticky":false,"template":"","format":"standard","meta":{"footnotes":""},"categories":[78],"tags":[],"class_list":["post-6707","post","type-post","status-publish","format-standard","has-post-thumbnail","hentry","category-prensa"],"_links":{"self":[{"href":"https:\/\/pampafilms.com.ar\/en\/wp-json\/wp\/v2\/posts\/6707","targetHints":{"allow":["GET"]}}],"collection":[{"href":"https:\/\/pampafilms.com.ar\/en\/wp-json\/wp\/v2\/posts"}],"about":[{"href":"https:\/\/pampafilms.com.ar\/en\/wp-json\/wp\/v2\/types\/post"}],"author":[{"embeddable":true,"href":"https:\/\/pampafilms.com.ar\/en\/wp-json\/wp\/v2\/users\/2"}],"replies":[{"embeddable":true,"href":"https:\/\/pampafilms.com.ar\/en\/wp-json\/wp\/v2\/comments?post=6707"}],"version-history":[{"count":8,"href":"https:\/\/pampafilms.com.ar\/en\/wp-json\/wp\/v2\/posts\/6707\/revisions"}],"predecessor-version":[{"id":6733,"href":"https:\/\/pampafilms.com.ar\/en\/wp-json\/wp\/v2\/posts\/6707\/revisions\/6733"}],"wp:featuredmedia":[{"embeddable":true,"href":"https:\/\/pampafilms.com.ar\/en\/wp-json\/wp\/v2\/media\/6709"}],"wp:attachment":[{"href":"https:\/\/pampafilms.com.ar\/en\/wp-json\/wp\/v2\/media?parent=6707"}],"wp:term":[{"taxonomy":"category","embeddable":true,"href":"https:\/\/pampafilms.com.ar\/en\/wp-json\/wp\/v2\/categories?post=6707"},{"taxonomy":"post_tag","embeddable":true,"href":"https:\/\/pampafilms.com.ar\/en\/wp-json\/wp\/v2\/tags?post=6707"}],"curies":[{"name":"wp","href":"https:\/\/api.w.org\/{rel}","templated":true}]}}